{"id":10635,"date":"2023-09-01T11:11:13","date_gmt":"2023-09-01T09:11:13","guid":{"rendered":"https:\/\/www.5g-anbieter.info\/5g-news\/?p=10635"},"modified":"2023-09-01T16:54:59","modified_gmt":"2023-09-01T14:54:59","slug":"ifa-2023-in-berlin-eroeffnet","status":"publish","type":"post","link":"https:\/\/www.5g-anbieter.info\/5g-news\/ifa-2023-in-berlin-eroeffnet","title":{"rendered":"IFA 2023 in Berlin er\u00f6ffnet"},"content":{"rendered":"<p>Die IFA ist er\u00f6ffnet. Die gro\u00dfe Tech-Messe ist heute offiziell in Berlin er\u00f6ffnet worden. Zahlreiche Aussteller sind dabei und pr\u00e4sentieren viele Neuheiten rund um 5G und Co.<!--more--><\/p>\n<p>&nbsp;<\/p>\n<p><img decoding=\"async\" src=\"https:\/\/www.5g-anbieter.info\/5g-news\/wp-content\/uploads\/2023\/09\/ifa-2023-II.webp\" alt=\"IFA 2023 in Berlin \u00f6ffnet die Tore\" title=\"IFA 2023 in Berlin \u00f6ffnet die Tore\"\/><\/p>\n<h3>5G-Neuheiten in Berlin<\/h3>\n<p>Am heutigen Freitag, 01.09.2023, \u00f6ffnet die Internationale Funkausstellung, kurz IFA, in Berlin ihre Tore f\u00fcr die Besucher. Wie jedes Jahr handelt es sich um ein gro\u00dfes Event mit zahlreichen Ausstellern, auch wenn die eine oder andere Gr\u00f6\u00dfe nicht vor Ort ist. Laut Veranstalter ist es die weltweit gr\u00f6\u00dfte Messe f\u00fcr Unterhaltungselektronik und Haushaltsger\u00e4te.<\/p>\n<p>&nbsp;<\/p>\n<p><img decoding=\"async\" src=\"https:\/\/www.5g-anbieter.info\/5g-news\/wp-content\/uploads\/2023\/09\/ifa-2023-I.webp\" alt=\"IFA 2023 in Berlin gestartet\" title=\"IFA 2023 in Berlin gestartet\"><\/p>\n<p>&nbsp;<\/p>\n<p>Mit St\u00e4nden auf der IFA 2023 vertreten sind unter anderem Samsung, Honor, AVM und viele mehr. Aber es fehlen auch viele bekannte Namen wie <a href=\"https:\/\/www.5g-anbieter.info\/provider\/telekom\/5g-telekom.html\" data-internallinksmanager029f6b8e52c=\"2\" title=\"5G-Tarife der Telekom zeigen\">Deutsche Telekom<\/a>, <a href=\"https:\/\/www.5g-anbieter.info\/provider\/vodafone\/5g-vodafone.html\" data-internallinksmanager029f6b8e52c=\"1\" title=\"5G Tarife von Vodafone zeigen\">Vodafone<\/a>, Xiaomi und Co., wobei viele Hersteller wie Apple traditionell der IFA fernbleiben.<\/p>\n<h3>Honor, AVM und Co zeigen neue 5G-Produkte<\/h3>\n<p>Dennoch wird es im Rahmen der Messe und den Medientagen zuvor wieder viele neue Produkte zu sehen geben. Unter anderem hat Honor gleich zum Start den globalen Launch seines Honor Magic V2 Foldable-Smartphones f\u00fcr den heutigen Freitag pr\u00e4sentiert.<\/p>\n<p>&nbsp;<\/p>\n<p><img decoding=\"async\" src=\"https:\/\/www.5g-anbieter.info\/5g-news\/wp-content\/uploads\/2023\/09\/ifa-2023-III.webp\" alt=\"Honor Magic V2 Foldable auf der IFA 2023\" title=\"Honor Magic V2 Foldable auf der IFA 2023\"><\/p>\n<p>&nbsp;<\/p>\n<p>Neue 5G-Produkte zeigt AVM auf der IFA nicht, pr\u00e4sentiert aber noch einmal live vor Ort die vor einiger Zeit vorgestellten Festnetzprodukte. Dies sind im einzelnen die FRITZ!Box 5690 Pro mit Triband WLAN, Wi-Fi 7 und Zigbee f\u00fcr Glasfaser und DSL sowie die FRITZ!Box 6670 Cable mit Wi-Fi 7 und Zigbee f\u00fcr Kabelanschl\u00fcsse.<\/p>\n<p>&nbsp;<\/p>\n<p><img decoding=\"async\" src=\"https:\/\/www.5g-anbieter.info\/5g-news\/wp-content\/uploads\/2023\/09\/ifa-2023-VI.webp\" alt=\"FRITZ!Box 5690 Pro auf der IFA 2023\" title=\"FRITZ!Box 5690 Pro auf der IFA 2023\"><\/p>\n<p>&nbsp;<\/p>\n<p>Dazu kommen viele weitere Neuheiten. Besonders interessante Neuerscheinungen werden wir im Laufe der IFA 2023 hier vorstellen.<\/p>\n<h3>Das k\u00f6nnte Sie noch interessieren:<\/h3>\n<p>\u00bb <a href=\"https:\/\/www.5g-anbieter.info\/verfuegbarkeit\/5g-verfuegbarkeit-testen.html\">hier 5G Verf\u00fcgbarkeit testen<\/a><br \/>\n\u00bb <a href=\"https:\/\/www.5g-anbieter.info\/zuhause\/5g-fuer-daheim.html\">Ratgeber: 5G f\u00fcr Zuhause<\/a><\/p>\n<div class=\"quellenews\">\nBilder im Artikel: &copy; <a href=\"https:\/\/www.5g-anbieter.info\/provider\/anbieter-von-5g.html\" data-internallinksmanager029f6b8e52c=\"57\" title=\"Welche 5G-Anbieter gibt es?\">5G-Anbieter<\/a>.info\n<\/div>\n<div style='text-align:center' class='yasr-auto-insert-visitor'><\/div>","protected":false},"excerpt":{"rendered":"<p>Die IFA ist er\u00f6ffnet. Die gro\u00dfe Tech-Messe ist heute offiziell in Berlin er\u00f6ffnet worden. Zahlreiche Aussteller sind dabei und pr\u00e4sentieren viele Neuheiten rund um 5G und Co.<\/p>\n","protected":false},"author":10,"featured_media":0,"comment_status":"open","ping_status":"closed","sticky":false,"template":"","format":"standard","meta":{"yasr_overall_rating":0,"yasr_post_is_review":"","yasr_auto_insert_disabled":"","yasr_review_type":"","iawp_total_views":4,"_jetpack_memberships_contains_paid_content":false,"footnotes":""},"categories":[1],"tags":[11,1760],"class_list":["post-10635","post","type-post","status-publish","format-standard","hentry","category-allgemein","tag-5g","tag-ifa-2023"],"views":1009,"yasr_visitor_votes":{"stars_attributes":{"read_only":false,"span_bottom":false},"number_of_votes":0,"sum_votes":0},"jetpack_featured_media_url":"","jetpack_shortlink":"https:\/\/wp.me\/p6PABz-2Lx","jetpack_sharing_enabled":true,"_links":{"self":[{"href":"https:\/\/www.5g-anbieter.info\/5g-news\/wp-json\/wp\/v2\/posts\/10635","targetHints":{"allow":["GET"]}}],"collection":[{"href":"https:\/\/www.5g-anbieter.info\/5g-news\/wp-json\/wp\/v2\/posts"}],"about":[{"href":"https:\/\/www.5g-anbieter.info\/5g-news\/wp-json\/wp\/v2\/types\/post"}],"author":[{"embeddable":true,"href":"https:\/\/www.5g-anbieter.info\/5g-news\/wp-json\/wp\/v2\/users\/10"}],"replies":[{"embeddable":true,"href":"https:\/\/www.5g-anbieter.info\/5g-news\/wp-json\/wp\/v2\/comments?post=10635"}],"version-history":[{"count":10,"href":"https:\/\/www.5g-anbieter.info\/5g-news\/wp-json\/wp\/v2\/posts\/10635\/revisions"}],"predecessor-version":[{"id":10656,"href":"https:\/\/www.5g-anbieter.info\/5g-news\/wp-json\/wp\/v2\/posts\/10635\/revisions\/10656"}],"wp:attachment":[{"href":"https:\/\/www.5g-anbieter.info\/5g-news\/wp-json\/wp\/v2\/media?parent=10635"}],"wp:term":[{"taxonomy":"category","embeddable":true,"href":"https:\/\/www.5g-anbieter.info\/5g-news\/wp-json\/wp\/v2\/categories?post=10635"},{"taxonomy":"post_tag","embeddable":true,"href":"https:\/\/www.5g-anbieter.info\/5g-news\/wp-json\/wp\/v2\/tags?post=10635"}],"curies":[{"name":"wp","href":"https:\/\/api.w.org\/{rel}","templated":true}]}}