{"id":11261,"date":"2023-12-10T13:54:06","date_gmt":"2023-12-10T12:54:06","guid":{"rendered":"https:\/\/www.5g-anbieter.info\/5g-news\/?p=11261"},"modified":"2023-12-11T13:59:37","modified_gmt":"2023-12-11T12:59:37","slug":"mobilfunker-fordern-zugang-zu-wlan-frequenzen","status":"publish","type":"post","link":"https:\/\/www.5g-anbieter.info\/5g-news\/mobilfunker-fordern-zugang-zu-wlan-frequenzen","title":{"rendered":"Mobilfunker fordern Zugang zu WLAN-Frequenzen"},"content":{"rendered":"<p>Auf der Weltfunkkonferenz wird aktuell um das knappe Gut der Funkfrequenzen geschachert. Die Mobilfunkunternehmen w\u00fcnschen sich Zugang zum f\u00fcr WLAN reservierten 6-GHz-Band.<!--more--><\/p>\n<p>&nbsp;<\/p>\n<p><img decoding=\"async\" src=\"https:\/\/www.5g-anbieter.info\/5g-news\/wp-content\/uploads\/2022\/02\/mast3.webp\" alt=\"Weltfunkkonferenz: Zugang zu WLAN-Frequenzen gefordert\" title=\"Weltfunkkonferenz: Zugang zu WLAN-Frequenzen gefordert\"><\/p>\n<h3>6 GHz f\u00fcr Mobilfunk?<\/h3>\n<p>Auf der Weltfunkkonferenz in Dubai geht es aktuell auch um die Zukunft der Mobilfunknetze. Hierbei spielt die Verteilung der Frequenzen als knappes Gut eine entscheidende Rolle, \u00fcber die Beh\u00f6rdenvertreter aus der ganzen Welt noch bis zum 15. Dezember beratschlagen. Eine globale \u00dcbereinkunft ist wichtig, damit \u00fcberall die gleichen Frequenzbereiche f\u00fcr identische Standards genutzt werden.<\/p>\n<p>&nbsp;<\/p>\n<p>Die Mobilfunkunternehmen w\u00fcnschen sich schon l\u00e4nger den Zugang zum Bereich bei 6 GHz, der aktuell der Wi-Fi-Technologie vorbehalten ist. Mit Markus Haas hat nun der Vorstandsvorsitzende von <a href=\"https:\/\/www.5g-anbieter.info\/provider\/o2\/5g-o2.html\" data-internallinksmanager029f6b8e52c=\"3\" title=\"5G-Tarife von O2 zeigen\">O2 Telef\u00f3nica<\/a> gegen\u00fcber der Deutschen Presse-Agentur in M\u00fcnchen erneut die Forderungen bekr\u00e4ftigt: &#8222;Es sind leistungsstarke Netze n\u00f6tig, die eine wachsende Nutzung der Cloud und den Einsatz von K\u00fcnstlicher Intelligenz m\u00f6glich machen.&#8220;<\/p>\n<h3>Immer h\u00f6here Anforderungen<\/h3>\n<p>Die Mobilfunkanbieter sehen sich immer h\u00f6heren Anforderungen gegen\u00fcber. Der Datenhunger der Nutzer steigt kontinuierlich und auch f\u00fcr neue Anwendungen wie KI sowie Augmented und Virtual Reality sind schnelle Mobilfunknetze unabdingbar. Derzeit seien nur 10 Prozent der Daten in der Cloud. Das wird sich aber deutlich steigern. Die Folge ist, dass die Mobilfunknetze h\u00f6here Kapazit\u00e4ten bereitstellen m\u00fcssen, was nur durch neue <a href=\"https:\/\/www.5g-anbieter.info\/technik\/5g-frequenzen.html\">Funkb\u00e4nder<\/a> erreicht werden kann. Hier sehen Experten das 6-GHz-Band als pr\u00e4destiniert f\u00fcr den Transport gro\u00dfer Datenmengen in Echtzeit.<\/p>\n<p>&nbsp;<\/p>\n<p>Derzeit ist das Band f\u00fcr WLAN und Satellitenbetreiber reserviert, w\u00e4hrend die Mobilfunker darauf hoffen, ebenfalls einen Teil des Kuchens abzubekommen. Ab 2030 k\u00f6nnte beispielsweise das 6-Gigahertz-Band freigegeben werden, so der O2-Chef. Das Potential des Frequenzbandes haben bereits mehrere Mobilfunker <a href=\"https:\/\/www.5g-anbieter.info\/5g-news\/vodafone-testet-6-ghz-frequenzspektrum-erfolgreich\" title=\"Vodafone testet 6 GHz Frequenzspektrum erfolgreich\">k\u00fcrzlich<\/a> bei Tests unter Beweis gestellt und extrem hohe Datenraten erzielt. Negativ ist hingegen die geringe Reichweite von weniger als einem Kilometer. Dennoch sei es laut Haas pr\u00e4destiniert f\u00fcr Mobilfunk: &#8222;Es ist sehr leistungsf\u00e4hig und es wird kaum genutzt: Es hat sehr hohe Bandbreiten, die eine mobile Standleitung erm\u00f6glichen.&#8220;<\/p>\n<div class=\"quellenews\">\nQuelle: Heise<br \/>\nBild im Artikel: <a href=\"https:\/\/www.5g-anbieter.info\/provider\/anbieter-von-5g.html\" data-internallinksmanager029f6b8e52c=\"57\" title=\"Welche 5G-Anbieter gibt es?\">5G-Anbieter<\/a>.info\n<\/div>\n<div style='text-align:center' class='yasr-auto-insert-visitor'><\/div>","protected":false},"excerpt":{"rendered":"<p>Auf der Weltfunkkonferenz wird aktuell um das knappe Gut der Funkfrequenzen geschachert. Die Mobilfunkunternehmen w\u00fcnschen sich Zugang zum f\u00fcr WLAN reservierten 6-GHz-Band.<\/p>\n","protected":false},"author":10,"featured_media":0,"comment_status":"open","ping_status":"open","sticky":false,"template":"","format":"standard","meta":{"yasr_overall_rating":0,"yasr_post_is_review":"","yasr_auto_insert_disabled":"","yasr_review_type":"","iawp_total_views":16,"_jetpack_memberships_contains_paid_content":false,"footnotes":""},"categories":[471,4,3,1,8,7,10,5,6],"tags":[1604,205,1832,262,1833],"class_list":["post-11261","post","type-post","status-publish","format-standard","hentry","category-1und1","category-anbieter","category-hardware","category-allgemein","category-5g-ausbau","category-o2","category-technik","category-telekom","category-vodafone","tag-6-ghz","tag-interview","tag-markus-haas","tag-o2","tag-weltfunkkonferenz"],"views":607,"yasr_visitor_votes":{"stars_attributes":{"read_only":false,"span_bottom":false},"number_of_votes":0,"sum_votes":0},"jetpack_featured_media_url":"","jetpack_shortlink":"https:\/\/wp.me\/p6PABz-2VD","jetpack_sharing_enabled":true,"_links":{"self":[{"href":"https:\/\/www.5g-anbieter.info\/5g-news\/wp-json\/wp\/v2\/posts\/11261","targetHints":{"allow":["GET"]}}],"collection":[{"href":"https:\/\/www.5g-anbieter.info\/5g-news\/wp-json\/wp\/v2\/posts"}],"about":[{"href":"https:\/\/www.5g-anbieter.info\/5g-news\/wp-json\/wp\/v2\/types\/post"}],"author":[{"embeddable":true,"href":"https:\/\/www.5g-anbieter.info\/5g-news\/wp-json\/wp\/v2\/users\/10"}],"replies":[{"embeddable":true,"href":"https:\/\/www.5g-anbieter.info\/5g-news\/wp-json\/wp\/v2\/comments?post=11261"}],"version-history":[{"count":8,"href":"https:\/\/www.5g-anbieter.info\/5g-news\/wp-json\/wp\/v2\/posts\/11261\/revisions"}],"predecessor-version":[{"id":11269,"href":"https:\/\/www.5g-anbieter.info\/5g-news\/wp-json\/wp\/v2\/posts\/11261\/revisions\/11269"}],"wp:attachment":[{"href":"https:\/\/www.5g-anbieter.info\/5g-news\/wp-json\/wp\/v2\/media?parent=11261"}],"wp:term":[{"taxonomy":"category","embeddable":true,"href":"https:\/\/www.5g-anbieter.info\/5g-news\/wp-json\/wp\/v2\/categories?post=11261"},{"taxonomy":"post_tag","embeddable":true,"href":"https:\/\/www.5g-anbieter.info\/5g-news\/wp-json\/wp\/v2\/tags?post=11261"}],"curies":[{"name":"wp","href":"https:\/\/api.w.org\/{rel}","templated":true}]}}