{"id":6096,"date":"2021-03-31T17:13:58","date_gmt":"2021-03-31T15:13:58","guid":{"rendered":"https:\/\/www.5g-anbieter.info\/5g-news\/?p=6096"},"modified":"2023-03-07T16:04:18","modified_gmt":"2023-03-07T15:04:18","slug":"dach-privatradios-plaedieren-fuer-5g-broadcast","status":"publish","type":"post","link":"https:\/\/www.5g-anbieter.info\/5g-news\/dach-privatradios-plaedieren-fuer-5g-broadcast","title":{"rendered":"DACH-Privatradios pl\u00e4dieren f\u00fcr 5G Broadcast"},"content":{"rendered":"<p>F\u00fcr das \u00dcberleben der Privatradios im DACH-Bereich ist der Zugang zu <a href=\"https:\/\/www.5g-anbieter.info\/technik\/tv\/5g-broadcast.html\" data-internallinksmanager029f6b8e52c=\"38\" title=\"Was ist 5G-Broadcast?\">5G Broadcast<\/a> entscheidend. Die deutschsprachige Privatrundfunkbranche fordert f\u00fcr die Sicherung der Branche einen \u201eMultiplattform-Ansatz f\u00fcr den Rundfunk in Europa\u201c.<!--more--><\/p>\n<p>&nbsp;<\/p>\n<p>Corinna Drumm, Gesch\u00e4ftsf\u00fchrerin des Verbands \u00d6sterreichischer Privatsender (V\u00d6P), erkl\u00e4rt dazu: \u201eIn einer Zeit zunehmender Desinformation werden vertrauensw\u00fcrdige Informationsquellen wie der Rundfunk immer wichtiger. Privatsender leisten einen unverzichtbaren Beitrag zu Meinungspluralit\u00e4t und Medienqualit\u00e4t. Gerade die Covid-Krise hat dies sehr deutlich gemacht. Die St\u00e4rkung des vielf\u00e4ltigen und qualit\u00e4tsvollen Rundfunkmarkts muss in der europ\u00e4ischen Medien- und Spektrumpolitik daher h\u00f6chste Priorit\u00e4t haben.\u201c<\/p>\n<h3>Freier Zugang zum Rundfunkprogramm<\/h3>\n<p>Als zukunftssichernd sieht die deutschsprachige Privatrundfunkbranche den freien Empfang von Rundfunkprogrammen auf allen g\u00e4ngigen Empfangswegen an. Um diese Vision Realit\u00e4t werden zu lassen, haben sich erstmalig die Privatsenderverb\u00e4nde aus Deutschland, \u00d6sterreich und der Schweiz zusammengeschlossen. Somit soll in Zukunft die 5G-Technologie auch f\u00fcr die Rundfunkverbreitung ihren Einsatz finden. <\/p>\n<p>&nbsp;<\/p>\n<p>Olaf Hopp, Vorsitzender der Arbeitsgemeinschaft Privater Rundfunk in Deutschland (APR), erl\u00e4utert: \u201eDie Sender m\u00fcssen die M\u00f6glichkeit haben, ihre Zielgruppen auf allen relevanten Empfangswegen zu erreichen. Neben klassischen Rundfunkempf\u00e4ngern werden mobile Endger\u00e4te dabei immer wichtiger. Dass sich die Privatrundfunkverb\u00e4nde des deutschsprachigen Raums erstmals gemeinsam zu einem medienpolitischen Thema \u00e4u\u00dfern, zeigt den hohen Stellenwert dieses Anliegens.\u201c<\/p>\n<p>&nbsp;<\/p>\n<p>Zu den Verbreitungswegen \u00fcber analoge und digitale Terrestrik, IP, Satellit und Kabel w\u00fcnscht sich die Radiobranche auch den Empfang via <a href=\"https:\/\/www.5g-anbieter.info\/technik\/tv\/5g-broadcast.html\">5G Broadcast<\/a>. <\/p>\n<h3>Effizienter Zugang zu Radioinhalten<\/h3>\n<p>Via 5G Broadcast soll das Signal effizienter an die H\u00f6rer kommen und die Belastung der Mobilfunknetze verringert werden. Insgesamt verbessert dies den Zugang der Bev\u00f6lkerung zu Rundfunkprogrammen \u00fcber mobile Endger\u00e4te stark. <\/p>\n<p>&nbsp;<\/p>\n<p>Marco Maier Vorsitzender des Fachbereichs Radio und Audiodienste des Verbands Privater Medien in Deutschland (VAUNET) fordert: \u201eDie verantwortlichen Institutionen und Politik in Deutschland, \u00d6sterreich und der Schweiz m\u00fcssen sich auf EU-Ebene und insbesondere bei der World Radio Conference 2023 daf\u00fcr einsetzen, dass das Frequenzspektrum f\u00fcr den Rundfunk und auch f\u00fcr drahtlose PMSE- Ger\u00e4te erhalten bleibt, um den Sendern 5G-Broadcast zu erm\u00f6glichen.\u201c<\/p>\n<p>&nbsp;<\/p>\n<p>Zus\u00e4tzlich spricht sich der Verband f\u00fcr eine Must-Carry-Regelung f\u00fcr lizensierte Rundfunkprogramme aus, wodurch eine \u00dcbertragungspflicht zustande kommen w\u00fcrde. <\/p>\n<div class=\"quellenews\">\nQuelle: radioszene.de\n<\/div>\n<div style='text-align:center' class='yasr-auto-insert-visitor'><\/div>","protected":false},"excerpt":{"rendered":"<p>F\u00fcr das \u00dcberleben der Privatradios im DACH-Bereich ist der Zugang zu 5G Broadcast entscheidend. Die deutschsprachige Privatrundfunkbranche fordert f\u00fcr die Sicherung der Branche einen \u201eMultiplattform-Ansatz f\u00fcr den Rundfunk in Europa\u201c.<\/p>\n","protected":false},"author":1,"featured_media":0,"comment_status":"open","ping_status":"closed","sticky":false,"template":"","format":"standard","meta":{"yasr_overall_rating":0,"yasr_post_is_review":"","yasr_auto_insert_disabled":"","yasr_review_type":"","iawp_total_views":2,"_jetpack_memberships_contains_paid_content":false,"footnotes":""},"categories":[4,1,8,10],"tags":[],"class_list":["post-6096","post","type-post","status-publish","format-standard","hentry","category-anbieter","category-allgemein","category-5g-ausbau","category-technik"],"views":1834,"yasr_visitor_votes":{"stars_attributes":{"read_only":false,"span_bottom":false},"number_of_votes":0,"sum_votes":0},"jetpack_featured_media_url":"","jetpack_shortlink":"https:\/\/wp.me\/p6PABz-1Ak","jetpack_sharing_enabled":true,"_links":{"self":[{"href":"https:\/\/www.5g-anbieter.info\/5g-news\/wp-json\/wp\/v2\/posts\/6096","targetHints":{"allow":["GET"]}}],"collection":[{"href":"https:\/\/www.5g-anbieter.info\/5g-news\/wp-json\/wp\/v2\/posts"}],"about":[{"href":"https:\/\/www.5g-anbieter.info\/5g-news\/wp-json\/wp\/v2\/types\/post"}],"author":[{"embeddable":true,"href":"https:\/\/www.5g-anbieter.info\/5g-news\/wp-json\/wp\/v2\/users\/1"}],"replies":[{"embeddable":true,"href":"https:\/\/www.5g-anbieter.info\/5g-news\/wp-json\/wp\/v2\/comments?post=6096"}],"version-history":[{"count":1,"href":"https:\/\/www.5g-anbieter.info\/5g-news\/wp-json\/wp\/v2\/posts\/6096\/revisions"}],"predecessor-version":[{"id":9628,"href":"https:\/\/www.5g-anbieter.info\/5g-news\/wp-json\/wp\/v2\/posts\/6096\/revisions\/9628"}],"wp:attachment":[{"href":"https:\/\/www.5g-anbieter.info\/5g-news\/wp-json\/wp\/v2\/media?parent=6096"}],"wp:term":[{"taxonomy":"category","embeddable":true,"href":"https:\/\/www.5g-anbieter.info\/5g-news\/wp-json\/wp\/v2\/categories?post=6096"},{"taxonomy":"post_tag","embeddable":true,"href":"https:\/\/www.5g-anbieter.info\/5g-news\/wp-json\/wp\/v2\/tags?post=6096"}],"curies":[{"name":"wp","href":"https:\/\/api.w.org\/{rel}","templated":true}]}}