{"id":819,"date":"2018-04-02T16:56:30","date_gmt":"2018-04-02T14:56:30","guid":{"rendered":"http:\/\/www.5g-anbieter.info\/5g-news\/?p=819"},"modified":"2022-05-24T12:27:11","modified_gmt":"2022-05-24T10:27:11","slug":"besteht-eine-hohe-gesundheitliche-gefahr-durch-5g","status":"publish","type":"post","link":"https:\/\/www.5g-anbieter.info\/5g-news\/besteht-eine-hohe-gesundheitliche-gefahr-durch-5g","title":{"rendered":"Besteht eine hohe gesundheitliche Gefahr durch 5G?"},"content":{"rendered":"<p>Bereits <a href=\"https:\/\/www.5g-anbieter.info\/lte\/\" data-internallinksmanager029f6b8e52c=\"66\" title=\"LTE\">LTE<\/a> wird von manchen Wissenschaftlern als gesundheitlich bedenklich eingestuft, bei 5G soll das Ganze angeblich aber noch viel gr\u00f6\u00dfere Dimensionen annehmen. \u00dcber 180 Forscher und \u00c4rzte aus 36 L\u00e4ndern appellieren an die EU, ein Moratorium aufgrund potenzieller Gefahren der hochfrequenten magnetischen Felder einzurichten. Es sei erwiesen, dass der Frequenzbereich f\u00fcr Menschen und Umwelt sch\u00e4dlich ist.<!--more--><\/p>\n<p>&nbsp;<\/p>\n<p><img decoding=\"async\" src=\"https:\/\/www.5g-anbieter.info\/5g-news\/wp-content\/uploads\/2018\/03\/5g-funk-gefahr.jpg\"><\/p>\n<h3>Gesundheitsrisiko 5G?<\/h3>\n<p>Der <a href=\"https:\/\/www.5g-anbieter.info\">Mobilfunk der f\u00fcnften Generation<\/a> soll nicht nur ein essentieller Bestandteil der Gigabit-Gesellschaft, sondern auch die Basis f\u00fcr das Internet der Dinge, das autonome Fahren und qualitativer Multimediadienste werden. <a href=\"https:\/\/www.5g-anbieter.info\/5g-vorteile.html\">Hohe Bandbreiten und kurze Antwortzeiten<\/a> sind in aller Munde, doch wie sieht es mit gesundheitlichen Nachteilen durch 5G aus? Bislang verweilte dieser Aspekt weit im Hintergrund, doch ein Appellschreiben von 180 Wissenschaftlern und \u00c4rzten aus 36 L\u00e4ndern weltweit ruft die Thematik ins Ged\u00e4chtnis.<\/p>\n<p>&nbsp;<\/p>\n<p>Aber warum soll der LTE-Nachfolger gef\u00e4hrlich sein? Die elektromagnetischen Felder im <a href=\"https:\/\/www.5g-anbieter.info\/technik\/5g-frequenzen.html\">Hochfrequenzbereich<\/a>, kurz HF-EMF, seien schuld. Die 5G-\u00dcbertragungen in diesem Spektrum w\u00fcrde zu einer massiven Zunahme der Zwangsexposition f\u00fchren. Ob man will oder nicht, die 5G-Verbindungen werden \u00fcberall sein.<\/p>\n<h3>Die Bef\u00fcrchtungen der Forscher<\/h3>\n<p>Die Technik \u00fcbertr\u00e4gt das Signal nur \u00fcber eine kurze Distanz, erkl\u00e4ren die Wissenschaftler. Um st\u00e4dtische Gebiete vollst\u00e4ndig mit dem kommenden Mobilfunk zu versorgen, m\u00fcsse man Antennen in Abst\u00e4nden zwischen 10 und 12 H\u00e4usern errichten. Doch nicht nur bei den 5G-Basisstationen an sich, die auch innerhalb von Geb\u00e4uden und Gesch\u00e4ften erwartet werden, lauere die Gefahr. Das eingangs erw\u00e4hnte Internet der Dinge (IoT) soll laut Sch\u00e4tzungen 10 bis 20 Milliarden Drahtlosanschl\u00fcsse mit sich bringen. Egal ob Haushaltsger\u00e4t, Automobil, Sicherheitssysteme oder Maschinen, die Vernetzung wird sich durch einen Gro\u00dfteil unseres Alltags ziehen. Deshalb bestehen die Wissenschaftler und \u00c4rzte auf entsprechende Vorkehrungen.<\/p>\n<h3>Die Forderungen der Forscher<\/h3>\n<p>Es sollen zumutbare Ma\u00dfnahmen ergriffen werden, um die HF-EMF-Ausbreitung von 5G zu stoppen, bis unabh\u00e4ngige Forscher diese als nicht sch\u00e4dlich einstufen. Des Weiteren soll es Aufkl\u00e4rungsarbeiten durch Strahlenschutzbeh\u00f6rden zum Beispiel an Schulen und in Krankenh\u00e4usern geben. Eine Festlegung von neuen, sicheren &#8222;<a href=\"https:\/\/www.5g-anbieter.info\/technik\/grenzwerte.html\">Grenzwerten<\/a> f\u00fcr die maximale Gesamtexposition&#8220; und eine Unterlassung der Telekommunikationsbranche, EU-Beamte zur Verbreitung von 5G zu \u00fcberreden, stehen ebenfalls auf dem Plan. Au\u00dferdem wird gefordert, dass kabelgebundene digitale Telekommunikation den Vorzug beim Ausbau bekommt. Das komplette Dokument des Appells k\u00f6nnen Sie <a href=\"https:\/\/www.diagnose-funk.org\/publikationen\/artikel\/detail&amp;newsid=1220\" target=\"_blank\" rel=\"noopener\">hier<\/a> auf der Seite von &#8222;diganose:funk&#8220; einsehen.<\/p>\n<h3>Update!<\/h3>\n<p>Die Frage nach m\u00f6glichen Gefahren durch die Einf\u00fchrung von 5G, besch\u00e4ftigt offensichtlich sehr viele deutsche Verbraucher, wie unsere Statistiken zu diesem Beitrag zeigen. Daher haben wir einige Namhafte Experten zu einer Interview-Serie eingeladen. Im <a href=\"https:\/\/www.5g-anbieter.info\/interviews\/18\/diagnose-funk.html\">ersten Teil<\/a> sprachen wir mit J\u00f6rn Gutbier vom eben genannten Verein &#8222;diagnose:funk&#8220;. Darin legt er ausf\u00fchrlich alle m\u00f6glichen Gefahrenpotenziale dar und verweist auf den Stand der Wissenschaft derer, die sich kritisch mit der neuen Funktechnik befassen.<\/p>\n<p>&nbsp;<\/p>\n<div class=\"highlight2\">Hier gehts <a href=\"https:\/\/www.5g-anbieter.info\/interviews\/18\/diagnose-funk.html\">zum Interview mit J\u00f6rn Gutbier von diagnose:Funk<\/a>!<\/div>\n<p>&nbsp;<\/p>\n<h3>Update 2<\/h3>\n<p>Im April 2019 sprachen wir zus\u00e4tzlich mit dem Bundesamt f\u00fcr Strahlenschutz. Wo sieht die Beh\u00f6rde m\u00f6gliche Gefahren beim <a href=\"https:\/\/www.5g-anbieter.info\/5g-ausbau\/\" data-internallinksmanager029f6b8e52c=\"62\" title=\"Wo ist 5G schon ausgebaut?\">5G-Ausbau<\/a> und wo nicht? Wie steht es um die Grenzwerte bei der neuen Funktechnik und wo gibt es noch offene Frage? Dies und mehr haben wir in einem <a href=\"https:\/\/www.5g-anbieter.info\/interviews\/19\/bundesamt-strahlenschutz.html\">ausf\u00fchrlichen Interview mit Nicole Me\u00dfmer, Pressereferentin beim Bundesamt f\u00fcr Strahlenschutz<\/a>.<\/p>\n<p>&nbsp;<\/p>\n<div style='text-align:center' class='yasr-auto-insert-visitor'><\/div>","protected":false},"excerpt":{"rendered":"<p>Bereits LTE wird von manchen Wissenschaftlern als gesundheitlich bedenklich eingestuft, bei 5G soll das Ganze angeblich aber noch viel gr\u00f6\u00dfere Dimensionen annehmen. \u00dcber 180 Forscher und \u00c4rzte aus 36 L\u00e4ndern appellieren an die EU, ein Moratorium aufgrund potenzieller Gefahren der hochfrequenten magnetischen Felder einzurichten. Es sei erwiesen, dass der Frequenzbereich f\u00fcr Menschen und Umwelt sch\u00e4dlich [&hellip;]<\/p>\n","protected":false},"author":3,"featured_media":0,"comment_status":"open","ping_status":"closed","sticky":false,"template":"","format":"standard","meta":{"yasr_overall_rating":0,"yasr_post_is_review":"","yasr_auto_insert_disabled":"","yasr_review_type":"","iawp_total_views":22,"_jetpack_memberships_contains_paid_content":false,"footnotes":""},"categories":[52,9],"tags":[11,267,265,266,268],"class_list":["post-819","post","type-post","status-publish","format-standard","hentry","category-forschung","category-studien","tag-5g","tag-moratorium","tag-sicherheitsrisiko","tag-strahlungsgefahr","tag-wissenschaftler"],"views":12480,"yasr_visitor_votes":{"stars_attributes":{"read_only":false,"span_bottom":false},"number_of_votes":17,"sum_votes":60},"jetpack_featured_media_url":"","jetpack_shortlink":"https:\/\/wp.me\/p6PABz-dd","jetpack_sharing_enabled":true,"_links":{"self":[{"href":"https:\/\/www.5g-anbieter.info\/5g-news\/wp-json\/wp\/v2\/posts\/819","targetHints":{"allow":["GET"]}}],"collection":[{"href":"https:\/\/www.5g-anbieter.info\/5g-news\/wp-json\/wp\/v2\/posts"}],"about":[{"href":"https:\/\/www.5g-anbieter.info\/5g-news\/wp-json\/wp\/v2\/types\/post"}],"author":[{"embeddable":true,"href":"https:\/\/www.5g-anbieter.info\/5g-news\/wp-json\/wp\/v2\/users\/3"}],"replies":[{"embeddable":true,"href":"https:\/\/www.5g-anbieter.info\/5g-news\/wp-json\/wp\/v2\/comments?post=819"}],"version-history":[{"count":1,"href":"https:\/\/www.5g-anbieter.info\/5g-news\/wp-json\/wp\/v2\/posts\/819\/revisions"}],"predecessor-version":[{"id":8381,"href":"https:\/\/www.5g-anbieter.info\/5g-news\/wp-json\/wp\/v2\/posts\/819\/revisions\/8381"}],"wp:attachment":[{"href":"https:\/\/www.5g-anbieter.info\/5g-news\/wp-json\/wp\/v2\/media?parent=819"}],"wp:term":[{"taxonomy":"category","embeddable":true,"href":"https:\/\/www.5g-anbieter.info\/5g-news\/wp-json\/wp\/v2\/categories?post=819"},{"taxonomy":"post_tag","embeddable":true,"href":"https:\/\/www.5g-anbieter.info\/5g-news\/wp-json\/wp\/v2\/tags?post=819"}],"curies":[{"name":"wp","href":"https:\/\/api.w.org\/{rel}","templated":true}]}}